{"id":2943,"date":"2021-02-15T09:01:39","date_gmt":"2021-02-15T09:01:39","guid":{"rendered":"https:\/\/www.buceoelbajon.com\/le-mirador-de-malpaso\/"},"modified":"2021-02-15T09:01:39","modified_gmt":"2021-02-15T09:01:39","slug":"le-mirador-de-malpaso","status":"publish","type":"post","link":"https:\/\/www.buceoelbajon.com\/fr\/le-mirador-de-malpaso\/","title":{"rendered":"LE MIRADOR DE MALPASO"},"content":{"rendered":"<p>C&rsquo;est le point le plus \u00e9lev\u00e9 de l&rsquo;\u00eele, culminant \u00e0 plus de 1501 m, et il est situ\u00e9 au point central de l&rsquo;apex de la falaise de Macafete. C&rsquo;est peut-\u00eatre l&rsquo;un des points de vue les moins accessibles de l&rsquo;\u00eele et, en raison de la hauteur de l&rsquo;\u00eele, il est g\u00e9n\u00e9ralement compl\u00e8tement nuageux, alors assurez-vous que le temps est bon et que le ciel est d\u00e9gag\u00e9 avant de le visiter. On y acc\u00e8de par un chemin de terre dont la conduite est assez inconfortable, mais qui poss\u00e8de un charme naturel que vous ne trouverez pas sur l&rsquo;\u00eele. Si vous aimez l&rsquo;aventure, cet itin\u00e9raire est fait pour vous. L&rsquo;Alto Malpaso, qui rev\u00eat une grande importance pour les habitants d&rsquo;El Hierro, est une \u00e9tape obligatoire de la route traditionnelle sur laquelle se d\u00e9roule <b>la<\/b><b> <\/b><b>Bajada<\/b><b> <\/b><b>de<\/b><b> <\/b><b>la<\/b><b> <\/b><b>Virgen<\/b><b> <\/b><b>de<\/b><b> <\/b><b>los<\/b><b> <\/b><b>Reyes<\/b><b> <\/b><b>depuis 1741<\/b>.<\/p>\n<p>CONTIENT :<\/p>\n<ul>\n<li>Mirador<\/li>\n<li>Informations touristiques<\/li>\n<li>Itin\u00e9raire de randonn\u00e9e<\/li>\n<li>Parking Restauration<\/li>\n<li>Altitude 1501 m<\/li>\n<\/ul>\n","protected":false},"excerpt":{"rendered":"<p>C&rsquo;est le point le plus \u00e9lev\u00e9 de l&rsquo;\u00eele, culminant \u00e0 plus de 1501 m, et il est situ\u00e9 au point central de l&rsquo;apex de la falaise de Macafete. C&rsquo;est peut-\u00eatre l&rsquo;un des points de vue les moins accessibles de l&rsquo;\u00eele et, en raison de la hauteur de l&rsquo;\u00eele, il est g\u00e9n\u00e9ralement compl\u00e8tement nuageux, alors assurez-vous [&hellip;]<\/p>\n","protected":false},"author":1,"featured_media":2801,"comment_status":"closed","ping_status":"closed","sticky":false,"template":"","format":"standard","meta":{"_et_pb_use_builder":"","_et_pb_old_content":"","_et_gb_content_width":"","footnotes":""},"categories":[35],"tags":[],"class_list":["post-2943","post","type-post","status-publish","format-standard","has-post-thumbnail","hentry","category-miradores-fr"],"yoast_head":"<!-- This site is optimized with the Yoast SEO plugin v24.7 - https:\/\/yoast.com\/wordpress\/plugins\/seo\/ -->\n<title>LE MIRADOR DE MALPASO - Centro de Buceo El Baj\u00f3n, El Hierro<\/title>\n<meta name=\"robots\" content=\"index, follow, max-snippet:-1, max-image-preview:large, max-video-preview:-1\" \/>\n<link rel=\"canonical\" href=\"https:\/\/www.buceoelbajon.com\/fr\/le-mirador-de-malpaso\/\" \/>\n<meta property=\"og:locale\" content=\"fr_FR\" \/>\n<meta property=\"og:type\" content=\"article\" \/>\n<meta property=\"og:title\" content=\"LE MIRADOR DE MALPASO - Centro de Buceo El Baj\u00f3n, El Hierro\" \/>\n<meta property=\"og:description\" content=\"C&rsquo;est le point le plus \u00e9lev\u00e9 de l&rsquo;\u00eele, culminant \u00e0 plus de 1501 m, et il est situ\u00e9 au point central de l&rsquo;apex de la falaise de Macafete. C&rsquo;est peut-\u00eatre l&rsquo;un des points de vue les moins accessibles de l&rsquo;\u00eele et, en raison de la hauteur de l&rsquo;\u00eele, il est g\u00e9n\u00e9ralement compl\u00e8tement nuageux, alors assurez-vous [&hellip;]\" \/>\n<meta property=\"og:url\" content=\"https:\/\/www.buceoelbajon.com\/fr\/le-mirador-de-malpaso\/\" \/>\n<meta property=\"og:site_name\" content=\"Centro de Buceo El Baj\u00f3n, El Hierro\" \/>\n<meta property=\"article:published_time\" content=\"2021-02-15T09:01:39+00:00\" \/>\n<meta property=\"og:image\" content=\"https:\/\/www.buceoelbajon.com\/wp-content\/uploads\/2021\/02\/Frontera-2-1024x683.jpg\" \/>\n\t<meta property=\"og:image:width\" content=\"1024\" \/>\n\t<meta property=\"og:image:height\" content=\"683\" \/>\n\t<meta property=\"og:image:type\" content=\"image\/jpeg\" \/>\n<meta name=\"author\" content=\"sacha\" \/>\n<meta name=\"twitter:card\" content=\"summary_large_image\" \/>\n<meta name=\"twitter:label1\" content=\"\u00c9crit par\" \/>\n\t<meta name=\"twitter:data1\" content=\"sacha\" \/>\n\t<meta name=\"twitter:label2\" content=\"Dur\u00e9e de lecture estim\u00e9e\" \/>\n\t<meta name=\"twitter:data2\" content=\"1 minute\" \/>\n<script type=\"application\/ld+json\" class=\"yoast-schema-graph\">{\"@context\":\"https:\/\/schema.org\",\"@graph\":[{\"@type\":\"WebPage\",\"@id\":\"https:\/\/www.buceoelbajon.com\/fr\/le-mirador-de-malpaso\/\",\"url\":\"https:\/\/www.buceoelbajon.com\/fr\/le-mirador-de-malpaso\/\",\"name\":\"LE MIRADOR DE MALPASO - Centro de Buceo El Baj\u00f3n, El Hierro\",\"isPartOf\":{\"@id\":\"https:\/\/www.buceoelbajon.com\/#website\"},\"primaryImageOfPage\":{\"@id\":\"https:\/\/www.buceoelbajon.com\/fr\/le-mirador-de-malpaso\/#primaryimage\"},\"image\":{\"@id\":\"https:\/\/www.buceoelbajon.com\/fr\/le-mirador-de-malpaso\/#primaryimage\"},\"thumbnailUrl\":\"https:\/\/www.buceoelbajon.com\/wp-content\/uploads\/2021\/02\/Frontera-2.jpg\",\"datePublished\":\"2021-02-15T09:01:39+00:00\",\"author\":{\"@id\":\"https:\/\/www.buceoelbajon.com\/#\/schema\/person\/2e8779703ebcf33b96844ff77802b905\"},\"breadcrumb\":{\"@id\":\"https:\/\/www.buceoelbajon.com\/fr\/le-mirador-de-malpaso\/#breadcrumb\"},\"inLanguage\":\"fr-FR\",\"potentialAction\":[{\"@type\":\"ReadAction\",\"target\":[\"https:\/\/www.buceoelbajon.com\/fr\/le-mirador-de-malpaso\/\"]}]},{\"@type\":\"ImageObject\",\"inLanguage\":\"fr-FR\",\"@id\":\"https:\/\/www.buceoelbajon.com\/fr\/le-mirador-de-malpaso\/#primaryimage\",\"url\":\"https:\/\/www.buceoelbajon.com\/wp-content\/uploads\/2021\/02\/Frontera-2.jpg\",\"contentUrl\":\"https:\/\/www.buceoelbajon.com\/wp-content\/uploads\/2021\/02\/Frontera-2.jpg\",\"width\":2048,\"height\":1365},{\"@type\":\"BreadcrumbList\",\"@id\":\"https:\/\/www.buceoelbajon.com\/fr\/le-mirador-de-malpaso\/#breadcrumb\",\"itemListElement\":[{\"@type\":\"ListItem\",\"position\":1,\"name\":\"Portada\",\"item\":\"https:\/\/www.buceoelbajon.com\/fr\/\"},{\"@type\":\"ListItem\",\"position\":2,\"name\":\"LE MIRADOR DE MALPASO\"}]},{\"@type\":\"WebSite\",\"@id\":\"https:\/\/www.buceoelbajon.com\/#website\",\"url\":\"https:\/\/www.buceoelbajon.com\/\",\"name\":\"Centro de Buceo El Baj\u00f3n, El Hierro\",\"description\":\"Un concepto diferente de buceo en El Hierro\",\"potentialAction\":[{\"@type\":\"SearchAction\",\"target\":{\"@type\":\"EntryPoint\",\"urlTemplate\":\"https:\/\/www.buceoelbajon.com\/?s={search_term_string}\"},\"query-input\":{\"@type\":\"PropertyValueSpecification\",\"valueRequired\":true,\"valueName\":\"search_term_string\"}}],\"inLanguage\":\"fr-FR\"},{\"@type\":\"Person\",\"@id\":\"https:\/\/www.buceoelbajon.com\/#\/schema\/person\/2e8779703ebcf33b96844ff77802b905\",\"name\":\"sacha\",\"sameAs\":[\"https:\/\/www.buceoelbajon.com\"],\"url\":\"https:\/\/www.buceoelbajon.com\/fr\/author\/sacha\/\"}]}<\/script>\n<!-- \/ Yoast SEO plugin. -->","yoast_head_json":{"title":"LE MIRADOR DE MALPASO - Centro de Buceo El Baj\u00f3n, El Hierro","robots":{"index":"index","follow":"follow","max-snippet":"max-snippet:-1","max-image-preview":"max-image-preview:large","max-video-preview":"max-video-preview:-1"},"canonical":"https:\/\/www.buceoelbajon.com\/fr\/le-mirador-de-malpaso\/","og_locale":"fr_FR","og_type":"article","og_title":"LE MIRADOR DE MALPASO - Centro de Buceo El Baj\u00f3n, El Hierro","og_description":"C&rsquo;est le point le plus \u00e9lev\u00e9 de l&rsquo;\u00eele, culminant \u00e0 plus de 1501 m, et il est situ\u00e9 au point central de l&rsquo;apex de la falaise de Macafete. C&rsquo;est peut-\u00eatre l&rsquo;un des points de vue les moins accessibles de l&rsquo;\u00eele et, en raison de la hauteur de l&rsquo;\u00eele, il est g\u00e9n\u00e9ralement compl\u00e8tement nuageux, alors assurez-vous [&hellip;]","og_url":"https:\/\/www.buceoelbajon.com\/fr\/le-mirador-de-malpaso\/","og_site_name":"Centro de Buceo El Baj\u00f3n, El Hierro","article_published_time":"2021-02-15T09:01:39+00:00","og_image":[{"width":1024,"height":683,"url":"https:\/\/www.buceoelbajon.com\/wp-content\/uploads\/2021\/02\/Frontera-2-1024x683.jpg","type":"image\/jpeg"}],"author":"sacha","twitter_card":"summary_large_image","twitter_misc":{"\u00c9crit par":"sacha","Dur\u00e9e de lecture estim\u00e9e":"1 minute"},"schema":{"@context":"https:\/\/schema.org","@graph":[{"@type":"WebPage","@id":"https:\/\/www.buceoelbajon.com\/fr\/le-mirador-de-malpaso\/","url":"https:\/\/www.buceoelbajon.com\/fr\/le-mirador-de-malpaso\/","name":"LE MIRADOR DE MALPASO - Centro de Buceo El Baj\u00f3n, El Hierro","isPartOf":{"@id":"https:\/\/www.buceoelbajon.com\/#website"},"primaryImageOfPage":{"@id":"https:\/\/www.buceoelbajon.com\/fr\/le-mirador-de-malpaso\/#primaryimage"},"image":{"@id":"https:\/\/www.buceoelbajon.com\/fr\/le-mirador-de-malpaso\/#primaryimage"},"thumbnailUrl":"https:\/\/www.buceoelbajon.com\/wp-content\/uploads\/2021\/02\/Frontera-2.jpg","datePublished":"2021-02-15T09:01:39+00:00","author":{"@id":"https:\/\/www.buceoelbajon.com\/#\/schema\/person\/2e8779703ebcf33b96844ff77802b905"},"breadcrumb":{"@id":"https:\/\/www.buceoelbajon.com\/fr\/le-mirador-de-malpaso\/#breadcrumb"},"inLanguage":"fr-FR","potentialAction":[{"@type":"ReadAction","target":["https:\/\/www.buceoelbajon.com\/fr\/le-mirador-de-malpaso\/"]}]},{"@type":"ImageObject","inLanguage":"fr-FR","@id":"https:\/\/www.buceoelbajon.com\/fr\/le-mirador-de-malpaso\/#primaryimage","url":"https:\/\/www.buceoelbajon.com\/wp-content\/uploads\/2021\/02\/Frontera-2.jpg","contentUrl":"https:\/\/www.buceoelbajon.com\/wp-content\/uploads\/2021\/02\/Frontera-2.jpg","width":2048,"height":1365},{"@type":"BreadcrumbList","@id":"https:\/\/www.buceoelbajon.com\/fr\/le-mirador-de-malpaso\/#breadcrumb","itemListElement":[{"@type":"ListItem","position":1,"name":"Portada","item":"https:\/\/www.buceoelbajon.com\/fr\/"},{"@type":"ListItem","position":2,"name":"LE MIRADOR DE MALPASO"}]},{"@type":"WebSite","@id":"https:\/\/www.buceoelbajon.com\/#website","url":"https:\/\/www.buceoelbajon.com\/","name":"Centro de Buceo El Baj\u00f3n, El Hierro","description":"Un concepto diferente de buceo en El Hierro","potentialAction":[{"@type":"SearchAction","target":{"@type":"EntryPoint","urlTemplate":"https:\/\/www.buceoelbajon.com\/?s={search_term_string}"},"query-input":{"@type":"PropertyValueSpecification","valueRequired":true,"valueName":"search_term_string"}}],"inLanguage":"fr-FR"},{"@type":"Person","@id":"https:\/\/www.buceoelbajon.com\/#\/schema\/person\/2e8779703ebcf33b96844ff77802b905","name":"sacha","sameAs":["https:\/\/www.buceoelbajon.com"],"url":"https:\/\/www.buceoelbajon.com\/fr\/author\/sacha\/"}]}},"_links":{"self":[{"href":"https:\/\/www.buceoelbajon.com\/fr\/wp-json\/wp\/v2\/posts\/2943","targetHints":{"allow":["GET"]}}],"collection":[{"href":"https:\/\/www.buceoelbajon.com\/fr\/wp-json\/wp\/v2\/posts"}],"about":[{"href":"https:\/\/www.buceoelbajon.com\/fr\/wp-json\/wp\/v2\/types\/post"}],"author":[{"embeddable":true,"href":"https:\/\/www.buceoelbajon.com\/fr\/wp-json\/wp\/v2\/users\/1"}],"replies":[{"embeddable":true,"href":"https:\/\/www.buceoelbajon.com\/fr\/wp-json\/wp\/v2\/comments?post=2943"}],"version-history":[{"count":0,"href":"https:\/\/www.buceoelbajon.com\/fr\/wp-json\/wp\/v2\/posts\/2943\/revisions"}],"wp:featuredmedia":[{"embeddable":true,"href":"https:\/\/www.buceoelbajon.com\/fr\/wp-json\/wp\/v2\/media\/2801"}],"wp:attachment":[{"href":"https:\/\/www.buceoelbajon.com\/fr\/wp-json\/wp\/v2\/media?parent=2943"}],"wp:term":[{"taxonomy":"category","embeddable":true,"href":"https:\/\/www.buceoelbajon.com\/fr\/wp-json\/wp\/v2\/categories?post=2943"},{"taxonomy":"post_tag","embeddable":true,"href":"https:\/\/www.buceoelbajon.com\/fr\/wp-json\/wp\/v2\/tags?post=2943"}],"curies":[{"name":"wp","href":"https:\/\/api.w.org\/{rel}","templated":true}]}}