{"id":2923,"date":"2021-02-15T09:04:16","date_gmt":"2021-02-15T09:04:16","guid":{"rendered":"https:\/\/www.buceoelbajon.com\/charco-los-sargos\/"},"modified":"2021-02-15T09:04:16","modified_gmt":"2021-02-15T09:04:16","slug":"charco-los-sargos","status":"publish","type":"post","link":"https:\/\/www.buceoelbajon.com\/fr\/charco-los-sargos\/","title":{"rendered":"CHARCO LOS SARGOS"},"content":{"rendered":"<p>Il s&rsquo;agit d&rsquo;un lieu de baignade situ\u00e9 pr\u00e8s des piscines naturelles de La Maceta. Au pied de la falaise, la mer prend des teintes particuli\u00e8res dans ces bassins o\u00f9 la baignade a la saveur particuli\u00e8re du plus naturel.<\/p>\n","protected":false},"excerpt":{"rendered":"<p>Il s&rsquo;agit d&rsquo;un lieu de baignade situ\u00e9 pr\u00e8s des piscines naturelles de La Maceta. Au pied de la falaise, la mer prend des teintes particuli\u00e8res dans ces bassins o\u00f9 la baignade a la saveur particuli\u00e8re du plus naturel.<\/p>\n","protected":false},"author":1,"featured_media":2837,"comment_status":"closed","ping_status":"closed","sticky":false,"template":"","format":"standard","meta":{"_et_pb_use_builder":"","_et_pb_old_content":"","_et_gb_content_width":"","footnotes":""},"categories":[36],"tags":[],"class_list":["post-2923","post","type-post","status-publish","format-standard","has-post-thumbnail","hentry","category-salles-de-bain"],"yoast_head":"<!-- This site is optimized with the Yoast SEO plugin v24.7 - https:\/\/yoast.com\/wordpress\/plugins\/seo\/ -->\n<title>CHARCO LOS SARGOS - Centro de Buceo El Baj\u00f3n, El Hierro<\/title>\n<meta name=\"robots\" content=\"index, follow, max-snippet:-1, max-image-preview:large, max-video-preview:-1\" \/>\n<link rel=\"canonical\" href=\"https:\/\/www.buceoelbajon.com\/fr\/charco-los-sargos\/\" \/>\n<meta property=\"og:locale\" content=\"fr_FR\" \/>\n<meta property=\"og:type\" content=\"article\" \/>\n<meta property=\"og:title\" content=\"CHARCO LOS SARGOS - Centro de Buceo El Baj\u00f3n, El Hierro\" \/>\n<meta property=\"og:description\" content=\"Il s&rsquo;agit d&rsquo;un lieu de baignade situ\u00e9 pr\u00e8s des piscines naturelles de La Maceta. Au pied de la falaise, la mer prend des teintes particuli\u00e8res dans ces bassins o\u00f9 la baignade a la saveur particuli\u00e8re du plus naturel.\" \/>\n<meta property=\"og:url\" content=\"https:\/\/www.buceoelbajon.com\/fr\/charco-los-sargos\/\" \/>\n<meta property=\"og:site_name\" content=\"Centro de Buceo El Baj\u00f3n, El Hierro\" \/>\n<meta property=\"article:published_time\" content=\"2021-02-15T09:04:16+00:00\" \/>\n<meta property=\"og:image\" content=\"https:\/\/www.buceoelbajon.com\/wp-content\/uploads\/2021\/02\/charco-de-los-sargos.jpg\" \/>\n\t<meta property=\"og:image:width\" content=\"900\" \/>\n\t<meta property=\"og:image:height\" content=\"450\" \/>\n\t<meta property=\"og:image:type\" content=\"image\/jpeg\" \/>\n<meta name=\"author\" content=\"sacha\" \/>\n<meta name=\"twitter:card\" content=\"summary_large_image\" \/>\n<meta name=\"twitter:label1\" content=\"\u00c9crit par\" \/>\n\t<meta name=\"twitter:data1\" content=\"sacha\" \/>\n<script type=\"application\/ld+json\" class=\"yoast-schema-graph\">{\"@context\":\"https:\/\/schema.org\",\"@graph\":[{\"@type\":\"WebPage\",\"@id\":\"https:\/\/www.buceoelbajon.com\/fr\/charco-los-sargos\/\",\"url\":\"https:\/\/www.buceoelbajon.com\/fr\/charco-los-sargos\/\",\"name\":\"CHARCO LOS SARGOS - Centro de Buceo El Baj\u00f3n, El Hierro\",\"isPartOf\":{\"@id\":\"https:\/\/www.buceoelbajon.com\/#website\"},\"primaryImageOfPage\":{\"@id\":\"https:\/\/www.buceoelbajon.com\/fr\/charco-los-sargos\/#primaryimage\"},\"image\":{\"@id\":\"https:\/\/www.buceoelbajon.com\/fr\/charco-los-sargos\/#primaryimage\"},\"thumbnailUrl\":\"https:\/\/www.buceoelbajon.com\/wp-content\/uploads\/2021\/02\/charco-de-los-sargos.jpg\",\"datePublished\":\"2021-02-15T09:04:16+00:00\",\"author\":{\"@id\":\"https:\/\/www.buceoelbajon.com\/#\/schema\/person\/2e8779703ebcf33b96844ff77802b905\"},\"breadcrumb\":{\"@id\":\"https:\/\/www.buceoelbajon.com\/fr\/charco-los-sargos\/#breadcrumb\"},\"inLanguage\":\"fr-FR\",\"potentialAction\":[{\"@type\":\"ReadAction\",\"target\":[\"https:\/\/www.buceoelbajon.com\/fr\/charco-los-sargos\/\"]}]},{\"@type\":\"ImageObject\",\"inLanguage\":\"fr-FR\",\"@id\":\"https:\/\/www.buceoelbajon.com\/fr\/charco-los-sargos\/#primaryimage\",\"url\":\"https:\/\/www.buceoelbajon.com\/wp-content\/uploads\/2021\/02\/charco-de-los-sargos.jpg\",\"contentUrl\":\"https:\/\/www.buceoelbajon.com\/wp-content\/uploads\/2021\/02\/charco-de-los-sargos.jpg\",\"width\":900,\"height\":450},{\"@type\":\"BreadcrumbList\",\"@id\":\"https:\/\/www.buceoelbajon.com\/fr\/charco-los-sargos\/#breadcrumb\",\"itemListElement\":[{\"@type\":\"ListItem\",\"position\":1,\"name\":\"Portada\",\"item\":\"https:\/\/www.buceoelbajon.com\/fr\/\"},{\"@type\":\"ListItem\",\"position\":2,\"name\":\"CHARCO LOS SARGOS\"}]},{\"@type\":\"WebSite\",\"@id\":\"https:\/\/www.buceoelbajon.com\/#website\",\"url\":\"https:\/\/www.buceoelbajon.com\/\",\"name\":\"Centro de Buceo El Baj\u00f3n, El Hierro\",\"description\":\"Un concepto diferente de buceo en El Hierro\",\"potentialAction\":[{\"@type\":\"SearchAction\",\"target\":{\"@type\":\"EntryPoint\",\"urlTemplate\":\"https:\/\/www.buceoelbajon.com\/?s={search_term_string}\"},\"query-input\":{\"@type\":\"PropertyValueSpecification\",\"valueRequired\":true,\"valueName\":\"search_term_string\"}}],\"inLanguage\":\"fr-FR\"},{\"@type\":\"Person\",\"@id\":\"https:\/\/www.buceoelbajon.com\/#\/schema\/person\/2e8779703ebcf33b96844ff77802b905\",\"name\":\"sacha\",\"sameAs\":[\"https:\/\/www.buceoelbajon.com\"],\"url\":\"https:\/\/www.buceoelbajon.com\/fr\/author\/sacha\/\"}]}<\/script>\n<!-- \/ Yoast SEO plugin. -->","yoast_head_json":{"title":"CHARCO LOS SARGOS - Centro de Buceo El Baj\u00f3n, El Hierro","robots":{"index":"index","follow":"follow","max-snippet":"max-snippet:-1","max-image-preview":"max-image-preview:large","max-video-preview":"max-video-preview:-1"},"canonical":"https:\/\/www.buceoelbajon.com\/fr\/charco-los-sargos\/","og_locale":"fr_FR","og_type":"article","og_title":"CHARCO LOS SARGOS - Centro de Buceo El Baj\u00f3n, El Hierro","og_description":"Il s&rsquo;agit d&rsquo;un lieu de baignade situ\u00e9 pr\u00e8s des piscines naturelles de La Maceta. Au pied de la falaise, la mer prend des teintes particuli\u00e8res dans ces bassins o\u00f9 la baignade a la saveur particuli\u00e8re du plus naturel.","og_url":"https:\/\/www.buceoelbajon.com\/fr\/charco-los-sargos\/","og_site_name":"Centro de Buceo El Baj\u00f3n, El Hierro","article_published_time":"2021-02-15T09:04:16+00:00","og_image":[{"width":900,"height":450,"url":"https:\/\/www.buceoelbajon.com\/wp-content\/uploads\/2021\/02\/charco-de-los-sargos.jpg","type":"image\/jpeg"}],"author":"sacha","twitter_card":"summary_large_image","twitter_misc":{"\u00c9crit par":"sacha"},"schema":{"@context":"https:\/\/schema.org","@graph":[{"@type":"WebPage","@id":"https:\/\/www.buceoelbajon.com\/fr\/charco-los-sargos\/","url":"https:\/\/www.buceoelbajon.com\/fr\/charco-los-sargos\/","name":"CHARCO LOS SARGOS - Centro de Buceo El Baj\u00f3n, El Hierro","isPartOf":{"@id":"https:\/\/www.buceoelbajon.com\/#website"},"primaryImageOfPage":{"@id":"https:\/\/www.buceoelbajon.com\/fr\/charco-los-sargos\/#primaryimage"},"image":{"@id":"https:\/\/www.buceoelbajon.com\/fr\/charco-los-sargos\/#primaryimage"},"thumbnailUrl":"https:\/\/www.buceoelbajon.com\/wp-content\/uploads\/2021\/02\/charco-de-los-sargos.jpg","datePublished":"2021-02-15T09:04:16+00:00","author":{"@id":"https:\/\/www.buceoelbajon.com\/#\/schema\/person\/2e8779703ebcf33b96844ff77802b905"},"breadcrumb":{"@id":"https:\/\/www.buceoelbajon.com\/fr\/charco-los-sargos\/#breadcrumb"},"inLanguage":"fr-FR","potentialAction":[{"@type":"ReadAction","target":["https:\/\/www.buceoelbajon.com\/fr\/charco-los-sargos\/"]}]},{"@type":"ImageObject","inLanguage":"fr-FR","@id":"https:\/\/www.buceoelbajon.com\/fr\/charco-los-sargos\/#primaryimage","url":"https:\/\/www.buceoelbajon.com\/wp-content\/uploads\/2021\/02\/charco-de-los-sargos.jpg","contentUrl":"https:\/\/www.buceoelbajon.com\/wp-content\/uploads\/2021\/02\/charco-de-los-sargos.jpg","width":900,"height":450},{"@type":"BreadcrumbList","@id":"https:\/\/www.buceoelbajon.com\/fr\/charco-los-sargos\/#breadcrumb","itemListElement":[{"@type":"ListItem","position":1,"name":"Portada","item":"https:\/\/www.buceoelbajon.com\/fr\/"},{"@type":"ListItem","position":2,"name":"CHARCO LOS SARGOS"}]},{"@type":"WebSite","@id":"https:\/\/www.buceoelbajon.com\/#website","url":"https:\/\/www.buceoelbajon.com\/","name":"Centro de Buceo El Baj\u00f3n, El Hierro","description":"Un concepto diferente de buceo en El Hierro","potentialAction":[{"@type":"SearchAction","target":{"@type":"EntryPoint","urlTemplate":"https:\/\/www.buceoelbajon.com\/?s={search_term_string}"},"query-input":{"@type":"PropertyValueSpecification","valueRequired":true,"valueName":"search_term_string"}}],"inLanguage":"fr-FR"},{"@type":"Person","@id":"https:\/\/www.buceoelbajon.com\/#\/schema\/person\/2e8779703ebcf33b96844ff77802b905","name":"sacha","sameAs":["https:\/\/www.buceoelbajon.com"],"url":"https:\/\/www.buceoelbajon.com\/fr\/author\/sacha\/"}]}},"_links":{"self":[{"href":"https:\/\/www.buceoelbajon.com\/fr\/wp-json\/wp\/v2\/posts\/2923","targetHints":{"allow":["GET"]}}],"collection":[{"href":"https:\/\/www.buceoelbajon.com\/fr\/wp-json\/wp\/v2\/posts"}],"about":[{"href":"https:\/\/www.buceoelbajon.com\/fr\/wp-json\/wp\/v2\/types\/post"}],"author":[{"embeddable":true,"href":"https:\/\/www.buceoelbajon.com\/fr\/wp-json\/wp\/v2\/users\/1"}],"replies":[{"embeddable":true,"href":"https:\/\/www.buceoelbajon.com\/fr\/wp-json\/wp\/v2\/comments?post=2923"}],"version-history":[{"count":0,"href":"https:\/\/www.buceoelbajon.com\/fr\/wp-json\/wp\/v2\/posts\/2923\/revisions"}],"wp:featuredmedia":[{"embeddable":true,"href":"https:\/\/www.buceoelbajon.com\/fr\/wp-json\/wp\/v2\/media\/2837"}],"wp:attachment":[{"href":"https:\/\/www.buceoelbajon.com\/fr\/wp-json\/wp\/v2\/media?parent=2923"}],"wp:term":[{"taxonomy":"category","embeddable":true,"href":"https:\/\/www.buceoelbajon.com\/fr\/wp-json\/wp\/v2\/categories?post=2923"},{"taxonomy":"post_tag","embeddable":true,"href":"https:\/\/www.buceoelbajon.com\/fr\/wp-json\/wp\/v2\/tags?post=2923"}],"curies":[{"name":"wp","href":"https:\/\/api.w.org\/{rel}","templated":true}]}}