{"id":2897,"date":"2021-02-15T10:03:00","date_gmt":"2021-02-15T10:03:00","guid":{"rendered":"https:\/\/www.buceoelbajon.com\/el-rincon\/"},"modified":"2022-05-17T09:51:57","modified_gmt":"2022-05-17T08:51:57","slug":"el-rincon","status":"publish","type":"post","link":"https:\/\/www.buceoelbajon.com\/fr\/el-rincon\/","title":{"rendered":"EL RINC\u00d3N"},"content":{"rendered":"<p>Cette plong\u00e9e commence juste l\u00e0 o\u00f9 le brise-lames de la jet\u00e9e rejoint le r\u00e9cif de Punta Restinga. C&rsquo;est g\u00e9n\u00e9ralement la plus abrit\u00e9e et la plus calme de toutes les plong\u00e9es que nous faisons sur ce r\u00e9cif, surtout en cas de courant. Nous descendons avec les r\u00e9cifs du brise-lames en vue et continuons vers le d\u00e9but de la falaise du promontoire. En suivant la paroi \u00e0 diff\u00e9rentes hauteurs, on trouve de nombreuses crevasses et petites grottes qui abritent des mur\u00e8nes et des mur\u00e8nes brunes. La faune est abondante et vari\u00e9e, avec beaucoup de viejas, de poissons-limes, daurades, de chinchards, etc. La chose logique \u00e0 faire est de longer la paroi de la falaise \u00e0 sa base, puis de faire le chemin inverse mais \u00e0 une profondeur moindre. C&rsquo;est pr\u00e9cis\u00e9ment la partie la moins profonde du r\u00e9cif que je trouve la plus attrayante, avec des ravins parall\u00e8les et une plus grande abondance de poissons, qui ont tendance \u00e0 se montrer confiants envers le plongeur.<\/p>\n<ul>\n<li><b> Niveau: <\/b>Open Water<\/li>\n<li><b>Il y a des courants:<\/b> Non<\/li>\n<li><b> Profondeur :<\/b><b> <\/b>18 m<\/li>\n<li><b> Niveau de difficult\u00e9 <\/b>: Faible<\/li>\n<li><b>Mer\/<\/b><b> <\/b><b>Oc\u00e9an<\/b><b> <\/b><\/li>\n<li><b>D\u00e9part<\/b><b> <\/b><b>du<\/b><b> <\/b><b>bateau<\/b><\/li>\n<li><b> Temp\u00e9rature<\/b><b> <\/b><b>de<\/b><b> <\/b><b>l&rsquo;eau:<\/b><b> <\/b>19 \u00ba en hiver &#8211; 23\u00ba degr\u00e9s en \u00e9t\u00e9<\/li>\n<li><b>Temp\u00e9rature ext\u00e9rieure : <\/b>20\u00ba en hiver &#8211; 26\u00ba en \u00e9t\u00e9<\/li>\n<li><b> Visibilit\u00e9 :<\/b><b>\u00c9lev\u00e9e<\/b><\/li>\n<li><b>Fonds marins :<\/b><b> <\/b>Sable et roche<\/li>\n<\/ul>\n<p><strong><i>ESP\u00c8CES MARINES<\/i><\/strong><\/p>\n<ul>\n<li>Raies Manta, Seiches, Pieuvres, Tortues, Raie-papillon.<\/li>\n<\/ul>\n","protected":false},"excerpt":{"rendered":"<p>Cette plong\u00e9e commence juste l\u00e0 o\u00f9 le brise-lames de la jet\u00e9e rejoint le r\u00e9cif de Punta Restinga. C&rsquo;est g\u00e9n\u00e9ralement la plus abrit\u00e9e et la plus calme de toutes les plong\u00e9es que nous faisons sur ce r\u00e9cif, surtout en cas de courant. Nous descendons avec les r\u00e9cifs du brise-lames en vue et continuons vers le d\u00e9but [&hellip;]<\/p>\n","protected":false},"author":1,"featured_media":2592,"comment_status":"closed","ping_status":"closed","sticky":false,"template":"","format":"standard","meta":{"_et_pb_use_builder":"","_et_pb_old_content":"","_et_gb_content_width":"","footnotes":""},"categories":[30],"tags":[],"class_list":["post-2897","post","type-post","status-publish","format-standard","has-post-thumbnail","hentry","category-non-classifiee"],"yoast_head":"<!-- This site is optimized with the Yoast SEO plugin v24.7 - https:\/\/yoast.com\/wordpress\/plugins\/seo\/ -->\n<title>EL RINC\u00d3N - Centro de Buceo El Baj\u00f3n, El Hierro<\/title>\n<meta name=\"robots\" content=\"index, follow, max-snippet:-1, max-image-preview:large, max-video-preview:-1\" \/>\n<link rel=\"canonical\" href=\"https:\/\/www.buceoelbajon.com\/fr\/el-rincon\/\" \/>\n<meta property=\"og:locale\" content=\"fr_FR\" \/>\n<meta property=\"og:type\" content=\"article\" \/>\n<meta property=\"og:title\" content=\"EL RINC\u00d3N - Centro de Buceo El Baj\u00f3n, El Hierro\" \/>\n<meta property=\"og:description\" content=\"Cette plong\u00e9e commence juste l\u00e0 o\u00f9 le brise-lames de la jet\u00e9e rejoint le r\u00e9cif de Punta Restinga. C&rsquo;est g\u00e9n\u00e9ralement la plus abrit\u00e9e et la plus calme de toutes les plong\u00e9es que nous faisons sur ce r\u00e9cif, surtout en cas de courant. Nous descendons avec les r\u00e9cifs du brise-lames en vue et continuons vers le d\u00e9but [&hellip;]\" \/>\n<meta property=\"og:url\" content=\"https:\/\/www.buceoelbajon.com\/fr\/el-rincon\/\" \/>\n<meta property=\"og:site_name\" content=\"Centro de Buceo El Baj\u00f3n, El Hierro\" \/>\n<meta property=\"article:published_time\" content=\"2021-02-15T10:03:00+00:00\" \/>\n<meta property=\"article:modified_time\" content=\"2022-05-17T08:51:57+00:00\" \/>\n<meta property=\"og:image\" content=\"https:\/\/www.buceoelbajon.com\/wp-content\/uploads\/2021\/02\/20140614-1242-SachaLobenstein-El-Rincon-Gallo-azul-Aluterus-scriptus.jpg\" \/>\n\t<meta property=\"og:image:width\" content=\"1200\" \/>\n\t<meta property=\"og:image:height\" content=\"795\" \/>\n\t<meta property=\"og:image:type\" content=\"image\/jpeg\" \/>\n<meta name=\"author\" content=\"sacha\" \/>\n<meta name=\"twitter:card\" content=\"summary_large_image\" \/>\n<meta name=\"twitter:label1\" content=\"\u00c9crit par\" \/>\n\t<meta name=\"twitter:data1\" content=\"sacha\" \/>\n\t<meta name=\"twitter:label2\" content=\"Dur\u00e9e de lecture estim\u00e9e\" \/>\n\t<meta name=\"twitter:data2\" content=\"1 minute\" \/>\n<script type=\"application\/ld+json\" class=\"yoast-schema-graph\">{\"@context\":\"https:\/\/schema.org\",\"@graph\":[{\"@type\":\"WebPage\",\"@id\":\"https:\/\/www.buceoelbajon.com\/fr\/el-rincon\/\",\"url\":\"https:\/\/www.buceoelbajon.com\/fr\/el-rincon\/\",\"name\":\"EL RINC\u00d3N - Centro de Buceo El Baj\u00f3n, El Hierro\",\"isPartOf\":{\"@id\":\"https:\/\/www.buceoelbajon.com\/#website\"},\"primaryImageOfPage\":{\"@id\":\"https:\/\/www.buceoelbajon.com\/fr\/el-rincon\/#primaryimage\"},\"image\":{\"@id\":\"https:\/\/www.buceoelbajon.com\/fr\/el-rincon\/#primaryimage\"},\"thumbnailUrl\":\"https:\/\/www.buceoelbajon.com\/wp-content\/uploads\/2021\/02\/20140614-1242-SachaLobenstein-El-Rincon-Gallo-azul-Aluterus-scriptus.jpg\",\"datePublished\":\"2021-02-15T10:03:00+00:00\",\"dateModified\":\"2022-05-17T08:51:57+00:00\",\"author\":{\"@id\":\"https:\/\/www.buceoelbajon.com\/#\/schema\/person\/2e8779703ebcf33b96844ff77802b905\"},\"breadcrumb\":{\"@id\":\"https:\/\/www.buceoelbajon.com\/fr\/el-rincon\/#breadcrumb\"},\"inLanguage\":\"fr-FR\",\"potentialAction\":[{\"@type\":\"ReadAction\",\"target\":[\"https:\/\/www.buceoelbajon.com\/fr\/el-rincon\/\"]}]},{\"@type\":\"ImageObject\",\"inLanguage\":\"fr-FR\",\"@id\":\"https:\/\/www.buceoelbajon.com\/fr\/el-rincon\/#primaryimage\",\"url\":\"https:\/\/www.buceoelbajon.com\/wp-content\/uploads\/2021\/02\/20140614-1242-SachaLobenstein-El-Rincon-Gallo-azul-Aluterus-scriptus.jpg\",\"contentUrl\":\"https:\/\/www.buceoelbajon.com\/wp-content\/uploads\/2021\/02\/20140614-1242-SachaLobenstein-El-Rincon-Gallo-azul-Aluterus-scriptus.jpg\",\"width\":1200,\"height\":795,\"caption\":\"enelmar.es\"},{\"@type\":\"BreadcrumbList\",\"@id\":\"https:\/\/www.buceoelbajon.com\/fr\/el-rincon\/#breadcrumb\",\"itemListElement\":[{\"@type\":\"ListItem\",\"position\":1,\"name\":\"Portada\",\"item\":\"https:\/\/www.buceoelbajon.com\/fr\/\"},{\"@type\":\"ListItem\",\"position\":2,\"name\":\"EL RINC\u00d3N\"}]},{\"@type\":\"WebSite\",\"@id\":\"https:\/\/www.buceoelbajon.com\/#website\",\"url\":\"https:\/\/www.buceoelbajon.com\/\",\"name\":\"Centro de Buceo El Baj\u00f3n, El Hierro\",\"description\":\"Un concepto diferente de buceo en El Hierro\",\"potentialAction\":[{\"@type\":\"SearchAction\",\"target\":{\"@type\":\"EntryPoint\",\"urlTemplate\":\"https:\/\/www.buceoelbajon.com\/?s={search_term_string}\"},\"query-input\":{\"@type\":\"PropertyValueSpecification\",\"valueRequired\":true,\"valueName\":\"search_term_string\"}}],\"inLanguage\":\"fr-FR\"},{\"@type\":\"Person\",\"@id\":\"https:\/\/www.buceoelbajon.com\/#\/schema\/person\/2e8779703ebcf33b96844ff77802b905\",\"name\":\"sacha\",\"sameAs\":[\"https:\/\/www.buceoelbajon.com\"],\"url\":\"https:\/\/www.buceoelbajon.com\/fr\/author\/sacha\/\"}]}<\/script>\n<!-- \/ Yoast SEO plugin. -->","yoast_head_json":{"title":"EL RINC\u00d3N - Centro de Buceo El Baj\u00f3n, El Hierro","robots":{"index":"index","follow":"follow","max-snippet":"max-snippet:-1","max-image-preview":"max-image-preview:large","max-video-preview":"max-video-preview:-1"},"canonical":"https:\/\/www.buceoelbajon.com\/fr\/el-rincon\/","og_locale":"fr_FR","og_type":"article","og_title":"EL RINC\u00d3N - Centro de Buceo El Baj\u00f3n, El Hierro","og_description":"Cette plong\u00e9e commence juste l\u00e0 o\u00f9 le brise-lames de la jet\u00e9e rejoint le r\u00e9cif de Punta Restinga. C&rsquo;est g\u00e9n\u00e9ralement la plus abrit\u00e9e et la plus calme de toutes les plong\u00e9es que nous faisons sur ce r\u00e9cif, surtout en cas de courant. Nous descendons avec les r\u00e9cifs du brise-lames en vue et continuons vers le d\u00e9but [&hellip;]","og_url":"https:\/\/www.buceoelbajon.com\/fr\/el-rincon\/","og_site_name":"Centro de Buceo El Baj\u00f3n, El Hierro","article_published_time":"2021-02-15T10:03:00+00:00","article_modified_time":"2022-05-17T08:51:57+00:00","og_image":[{"width":1200,"height":795,"url":"https:\/\/www.buceoelbajon.com\/wp-content\/uploads\/2021\/02\/20140614-1242-SachaLobenstein-El-Rincon-Gallo-azul-Aluterus-scriptus.jpg","type":"image\/jpeg"}],"author":"sacha","twitter_card":"summary_large_image","twitter_misc":{"\u00c9crit par":"sacha","Dur\u00e9e de lecture estim\u00e9e":"1 minute"},"schema":{"@context":"https:\/\/schema.org","@graph":[{"@type":"WebPage","@id":"https:\/\/www.buceoelbajon.com\/fr\/el-rincon\/","url":"https:\/\/www.buceoelbajon.com\/fr\/el-rincon\/","name":"EL RINC\u00d3N - Centro de Buceo El Baj\u00f3n, El Hierro","isPartOf":{"@id":"https:\/\/www.buceoelbajon.com\/#website"},"primaryImageOfPage":{"@id":"https:\/\/www.buceoelbajon.com\/fr\/el-rincon\/#primaryimage"},"image":{"@id":"https:\/\/www.buceoelbajon.com\/fr\/el-rincon\/#primaryimage"},"thumbnailUrl":"https:\/\/www.buceoelbajon.com\/wp-content\/uploads\/2021\/02\/20140614-1242-SachaLobenstein-El-Rincon-Gallo-azul-Aluterus-scriptus.jpg","datePublished":"2021-02-15T10:03:00+00:00","dateModified":"2022-05-17T08:51:57+00:00","author":{"@id":"https:\/\/www.buceoelbajon.com\/#\/schema\/person\/2e8779703ebcf33b96844ff77802b905"},"breadcrumb":{"@id":"https:\/\/www.buceoelbajon.com\/fr\/el-rincon\/#breadcrumb"},"inLanguage":"fr-FR","potentialAction":[{"@type":"ReadAction","target":["https:\/\/www.buceoelbajon.com\/fr\/el-rincon\/"]}]},{"@type":"ImageObject","inLanguage":"fr-FR","@id":"https:\/\/www.buceoelbajon.com\/fr\/el-rincon\/#primaryimage","url":"https:\/\/www.buceoelbajon.com\/wp-content\/uploads\/2021\/02\/20140614-1242-SachaLobenstein-El-Rincon-Gallo-azul-Aluterus-scriptus.jpg","contentUrl":"https:\/\/www.buceoelbajon.com\/wp-content\/uploads\/2021\/02\/20140614-1242-SachaLobenstein-El-Rincon-Gallo-azul-Aluterus-scriptus.jpg","width":1200,"height":795,"caption":"enelmar.es"},{"@type":"BreadcrumbList","@id":"https:\/\/www.buceoelbajon.com\/fr\/el-rincon\/#breadcrumb","itemListElement":[{"@type":"ListItem","position":1,"name":"Portada","item":"https:\/\/www.buceoelbajon.com\/fr\/"},{"@type":"ListItem","position":2,"name":"EL RINC\u00d3N"}]},{"@type":"WebSite","@id":"https:\/\/www.buceoelbajon.com\/#website","url":"https:\/\/www.buceoelbajon.com\/","name":"Centro de Buceo El Baj\u00f3n, El Hierro","description":"Un concepto diferente de buceo en El Hierro","potentialAction":[{"@type":"SearchAction","target":{"@type":"EntryPoint","urlTemplate":"https:\/\/www.buceoelbajon.com\/?s={search_term_string}"},"query-input":{"@type":"PropertyValueSpecification","valueRequired":true,"valueName":"search_term_string"}}],"inLanguage":"fr-FR"},{"@type":"Person","@id":"https:\/\/www.buceoelbajon.com\/#\/schema\/person\/2e8779703ebcf33b96844ff77802b905","name":"sacha","sameAs":["https:\/\/www.buceoelbajon.com"],"url":"https:\/\/www.buceoelbajon.com\/fr\/author\/sacha\/"}]}},"_links":{"self":[{"href":"https:\/\/www.buceoelbajon.com\/fr\/wp-json\/wp\/v2\/posts\/2897","targetHints":{"allow":["GET"]}}],"collection":[{"href":"https:\/\/www.buceoelbajon.com\/fr\/wp-json\/wp\/v2\/posts"}],"about":[{"href":"https:\/\/www.buceoelbajon.com\/fr\/wp-json\/wp\/v2\/types\/post"}],"author":[{"embeddable":true,"href":"https:\/\/www.buceoelbajon.com\/fr\/wp-json\/wp\/v2\/users\/1"}],"replies":[{"embeddable":true,"href":"https:\/\/www.buceoelbajon.com\/fr\/wp-json\/wp\/v2\/comments?post=2897"}],"version-history":[{"count":1,"href":"https:\/\/www.buceoelbajon.com\/fr\/wp-json\/wp\/v2\/posts\/2897\/revisions"}],"predecessor-version":[{"id":2898,"href":"https:\/\/www.buceoelbajon.com\/fr\/wp-json\/wp\/v2\/posts\/2897\/revisions\/2898"}],"wp:featuredmedia":[{"embeddable":true,"href":"https:\/\/www.buceoelbajon.com\/fr\/wp-json\/wp\/v2\/media\/2592"}],"wp:attachment":[{"href":"https:\/\/www.buceoelbajon.com\/fr\/wp-json\/wp\/v2\/media?parent=2897"}],"wp:term":[{"taxonomy":"category","embeddable":true,"href":"https:\/\/www.buceoelbajon.com\/fr\/wp-json\/wp\/v2\/categories?post=2897"},{"taxonomy":"post_tag","embeddable":true,"href":"https:\/\/www.buceoelbajon.com\/fr\/wp-json\/wp\/v2\/tags?post=2897"}],"curies":[{"name":"wp","href":"https:\/\/api.w.org\/{rel}","templated":true}]}}