{"id":2894,"date":"2021-02-15T10:07:25","date_gmt":"2021-02-15T10:07:25","guid":{"rendered":"https:\/\/www.buceoelbajon.com\/punta-las-canas\/"},"modified":"2022-05-17T09:32:58","modified_gmt":"2022-05-17T08:32:58","slug":"punta-las-canas","status":"publish","type":"post","link":"https:\/\/www.buceoelbajon.com\/fr\/punta-las-canas\/","title":{"rendered":"PUNTA LAS CA\u00d1AS"},"content":{"rendered":"<p>Situ\u00e9e \u00e0 la limite ouest de la zone tampon, la plong\u00e9e commence sur une zone plate qui devient plus raide \u00e0 mesure que l&rsquo;on s&rsquo;\u00e9loigne de la c\u00f4te. Sur le versant, on trouve de grandes roches \u00e9rod\u00e9es \u00e9parses et plusieurs digues perpendiculaires \u00e0 la c\u00f4te que<\/p>\n<p>l&rsquo;on rencontre tout au long du parcours, que l&rsquo;on se dirige vers l&rsquo;est ou vers l&rsquo;ouest : ces \u00e9l\u00e9ments concentrent la majeure partie de la faune, avec de petits groupes de sars, de daurades, de chinchards et de poissons-limes. Les crevasses des digues servent de refuge aux mur\u00e8nes, \u00e9tant l&rsquo;une des zones o\u00f9 j&rsquo;ai vu le plus de mur\u00e8nes jaunes. Il est \u00e9galement fr\u00e9quent de voir des m\u00e9rous (certains vraiment gros) \u00e0 de plus grandes profondeurs et parfois des \u00ab\u00a0ranches\u00a0\u00bb de m\u00e9rous de peigne, bien que je consid\u00e8re que la meilleure partie de cette plong\u00e9e se situe au-dessus de &#8211; 25 m, o\u00f9 les poissons sont plus abondants.<\/p>\n<p><img loading=\"lazy\" decoding=\"async\" class=\"alignnone wp-image-975 size-full\" src=\"https:\/\/www.buceoelbajon.com\/wp-content\/uploads\/2021\/01\/Punta-Las-Canas.jpg\" alt=\"\" width=\"1200\" height=\"800\" srcset=\"https:\/\/www.buceoelbajon.com\/wp-content\/uploads\/2021\/01\/Punta-Las-Canas.jpg 1200w, https:\/\/www.buceoelbajon.com\/wp-content\/uploads\/2021\/01\/Punta-Las-Canas-980x653.jpg 980w, https:\/\/www.buceoelbajon.com\/wp-content\/uploads\/2021\/01\/Punta-Las-Canas-480x320.jpg 480w\" sizes=\"(min-width: 0px) and (max-width: 480px) 480px, (min-width: 481px) and (max-width: 980px) 980px, (min-width: 981px) 1200px, 100vw\" \/><\/p>\n<ul>\n<li><b>Niveau:<\/b> Avanc\u00e9<\/li>\n<li><b>Il y a des courants:<\/b> Non<\/li>\n<li><b> Profondeur :<\/b><b> <\/b>30m<\/li>\n<li><b> Niveau de difficult\u00e9:<\/b><b> <\/b>Faible<\/li>\n<li><b>Mer\/<\/b><b> <\/b><b>Oc\u00e9an<\/b><b> <\/b><b>D\u00e9part<\/b><b> <\/b><b>du<\/b><b> <\/b><b>bateau<\/b><\/li>\n<li><b> Temp\u00e9rature<\/b><b> <\/b><b>de<\/b><b> <\/b><b>l&rsquo;eau:<\/b><b> <\/b>19 \u00ba en hiver &#8211; 23\u00ba degr\u00e9s en \u00e9t\u00e9<\/li>\n<li><b>Temp\u00e9rature ext\u00e9rieure : <\/b>20\u00ba en hiver &#8211; 26\u00ba en \u00e9t\u00e9<\/li>\n<li><b> Visibilit\u00e9 :<\/b><b> <\/b>\u00c9lev\u00e9e (30m)<\/li>\n<li><b>Fonds marins :<\/b><b> <\/b>Sable et roche<\/li>\n<\/ul>\n<p><i>ESP\u00c8CES MARINES<\/i><\/p>\n<ul>\n<li>M\u00e9rous, M\u00e9rous de peigne, Raies Manta, Langoustes, Poissons-limes.<\/li>\n<\/ul>\n","protected":false},"excerpt":{"rendered":"<p>Situ\u00e9e \u00e0 la limite ouest de la zone tampon, la plong\u00e9e commence sur une zone plate qui devient plus raide \u00e0 mesure que l&rsquo;on s&rsquo;\u00e9loigne de la c\u00f4te. Sur le versant, on trouve de grandes roches \u00e9rod\u00e9es \u00e9parses et plusieurs digues perpendiculaires \u00e0 la c\u00f4te que l&rsquo;on rencontre tout au long du parcours, que l&rsquo;on [&hellip;]<\/p>\n","protected":false},"author":1,"featured_media":2591,"comment_status":"closed","ping_status":"closed","sticky":false,"template":"","format":"standard","meta":{"_et_pb_use_builder":"","_et_pb_old_content":"","_et_gb_content_width":"","footnotes":""},"categories":[30],"tags":[],"class_list":["post-2894","post","type-post","status-publish","format-standard","has-post-thumbnail","hentry","category-non-classifiee"],"yoast_head":"<!-- This site is optimized with the Yoast SEO plugin v24.7 - https:\/\/yoast.com\/wordpress\/plugins\/seo\/ -->\n<title>PUNTA LAS CA\u00d1AS - Centro de Buceo El Baj\u00f3n, El Hierro<\/title>\n<meta name=\"robots\" content=\"index, follow, max-snippet:-1, max-image-preview:large, max-video-preview:-1\" \/>\n<link rel=\"canonical\" href=\"https:\/\/www.buceoelbajon.com\/fr\/punta-las-canas\/\" \/>\n<meta property=\"og:locale\" content=\"fr_FR\" \/>\n<meta property=\"og:type\" content=\"article\" \/>\n<meta property=\"og:title\" content=\"PUNTA LAS CA\u00d1AS - Centro de Buceo El Baj\u00f3n, El Hierro\" \/>\n<meta property=\"og:description\" content=\"Situ\u00e9e \u00e0 la limite ouest de la zone tampon, la plong\u00e9e commence sur une zone plate qui devient plus raide \u00e0 mesure que l&rsquo;on s&rsquo;\u00e9loigne de la c\u00f4te. Sur le versant, on trouve de grandes roches \u00e9rod\u00e9es \u00e9parses et plusieurs digues perpendiculaires \u00e0 la c\u00f4te que l&rsquo;on rencontre tout au long du parcours, que l&rsquo;on [&hellip;]\" \/>\n<meta property=\"og:url\" content=\"https:\/\/www.buceoelbajon.com\/fr\/punta-las-canas\/\" \/>\n<meta property=\"og:site_name\" content=\"Centro de Buceo El Baj\u00f3n, El Hierro\" \/>\n<meta property=\"article:published_time\" content=\"2021-02-15T10:07:25+00:00\" \/>\n<meta property=\"article:modified_time\" content=\"2022-05-17T08:32:58+00:00\" \/>\n<meta property=\"og:image\" content=\"https:\/\/www.buceoelbajon.com\/wp-content\/uploads\/2021\/02\/20110213-1108-SachaLobenstein-El-Rio-Morena-de-lunares-Gymnothorax-miliaris.jpg\" \/>\n\t<meta property=\"og:image:width\" content=\"1200\" \/>\n\t<meta property=\"og:image:height\" content=\"900\" \/>\n\t<meta property=\"og:image:type\" content=\"image\/jpeg\" \/>\n<meta name=\"author\" content=\"sacha\" \/>\n<meta name=\"twitter:card\" content=\"summary_large_image\" \/>\n<meta name=\"twitter:label1\" content=\"\u00c9crit par\" \/>\n\t<meta name=\"twitter:data1\" content=\"sacha\" \/>\n\t<meta name=\"twitter:label2\" content=\"Dur\u00e9e de lecture estim\u00e9e\" \/>\n\t<meta name=\"twitter:data2\" content=\"1 minute\" \/>\n<script type=\"application\/ld+json\" class=\"yoast-schema-graph\">{\"@context\":\"https:\/\/schema.org\",\"@graph\":[{\"@type\":\"WebPage\",\"@id\":\"https:\/\/www.buceoelbajon.com\/fr\/punta-las-canas\/\",\"url\":\"https:\/\/www.buceoelbajon.com\/fr\/punta-las-canas\/\",\"name\":\"PUNTA LAS CA\u00d1AS - Centro de Buceo El Baj\u00f3n, El Hierro\",\"isPartOf\":{\"@id\":\"https:\/\/www.buceoelbajon.com\/#website\"},\"primaryImageOfPage\":{\"@id\":\"https:\/\/www.buceoelbajon.com\/fr\/punta-las-canas\/#primaryimage\"},\"image\":{\"@id\":\"https:\/\/www.buceoelbajon.com\/fr\/punta-las-canas\/#primaryimage\"},\"thumbnailUrl\":\"https:\/\/www.buceoelbajon.com\/wp-content\/uploads\/2021\/02\/20110213-1108-SachaLobenstein-El-Rio-Morena-de-lunares-Gymnothorax-miliaris.jpg\",\"datePublished\":\"2021-02-15T10:07:25+00:00\",\"dateModified\":\"2022-05-17T08:32:58+00:00\",\"author\":{\"@id\":\"https:\/\/www.buceoelbajon.com\/#\/schema\/person\/2e8779703ebcf33b96844ff77802b905\"},\"breadcrumb\":{\"@id\":\"https:\/\/www.buceoelbajon.com\/fr\/punta-las-canas\/#breadcrumb\"},\"inLanguage\":\"fr-FR\",\"potentialAction\":[{\"@type\":\"ReadAction\",\"target\":[\"https:\/\/www.buceoelbajon.com\/fr\/punta-las-canas\/\"]}]},{\"@type\":\"ImageObject\",\"inLanguage\":\"fr-FR\",\"@id\":\"https:\/\/www.buceoelbajon.com\/fr\/punta-las-canas\/#primaryimage\",\"url\":\"https:\/\/www.buceoelbajon.com\/wp-content\/uploads\/2021\/02\/20110213-1108-SachaLobenstein-El-Rio-Morena-de-lunares-Gymnothorax-miliaris.jpg\",\"contentUrl\":\"https:\/\/www.buceoelbajon.com\/wp-content\/uploads\/2021\/02\/20110213-1108-SachaLobenstein-El-Rio-Morena-de-lunares-Gymnothorax-miliaris.jpg\",\"width\":1200,\"height\":900},{\"@type\":\"BreadcrumbList\",\"@id\":\"https:\/\/www.buceoelbajon.com\/fr\/punta-las-canas\/#breadcrumb\",\"itemListElement\":[{\"@type\":\"ListItem\",\"position\":1,\"name\":\"Portada\",\"item\":\"https:\/\/www.buceoelbajon.com\/fr\/\"},{\"@type\":\"ListItem\",\"position\":2,\"name\":\"PUNTA LAS CA\u00d1AS\"}]},{\"@type\":\"WebSite\",\"@id\":\"https:\/\/www.buceoelbajon.com\/#website\",\"url\":\"https:\/\/www.buceoelbajon.com\/\",\"name\":\"Centro de Buceo El Baj\u00f3n, El Hierro\",\"description\":\"Un concepto diferente de buceo en El Hierro\",\"potentialAction\":[{\"@type\":\"SearchAction\",\"target\":{\"@type\":\"EntryPoint\",\"urlTemplate\":\"https:\/\/www.buceoelbajon.com\/?s={search_term_string}\"},\"query-input\":{\"@type\":\"PropertyValueSpecification\",\"valueRequired\":true,\"valueName\":\"search_term_string\"}}],\"inLanguage\":\"fr-FR\"},{\"@type\":\"Person\",\"@id\":\"https:\/\/www.buceoelbajon.com\/#\/schema\/person\/2e8779703ebcf33b96844ff77802b905\",\"name\":\"sacha\",\"sameAs\":[\"https:\/\/www.buceoelbajon.com\"],\"url\":\"https:\/\/www.buceoelbajon.com\/fr\/author\/sacha\/\"}]}<\/script>\n<!-- \/ Yoast SEO plugin. -->","yoast_head_json":{"title":"PUNTA LAS CA\u00d1AS - Centro de Buceo El Baj\u00f3n, El Hierro","robots":{"index":"index","follow":"follow","max-snippet":"max-snippet:-1","max-image-preview":"max-image-preview:large","max-video-preview":"max-video-preview:-1"},"canonical":"https:\/\/www.buceoelbajon.com\/fr\/punta-las-canas\/","og_locale":"fr_FR","og_type":"article","og_title":"PUNTA LAS CA\u00d1AS - Centro de Buceo El Baj\u00f3n, El Hierro","og_description":"Situ\u00e9e \u00e0 la limite ouest de la zone tampon, la plong\u00e9e commence sur une zone plate qui devient plus raide \u00e0 mesure que l&rsquo;on s&rsquo;\u00e9loigne de la c\u00f4te. Sur le versant, on trouve de grandes roches \u00e9rod\u00e9es \u00e9parses et plusieurs digues perpendiculaires \u00e0 la c\u00f4te que l&rsquo;on rencontre tout au long du parcours, que l&rsquo;on [&hellip;]","og_url":"https:\/\/www.buceoelbajon.com\/fr\/punta-las-canas\/","og_site_name":"Centro de Buceo El Baj\u00f3n, El Hierro","article_published_time":"2021-02-15T10:07:25+00:00","article_modified_time":"2022-05-17T08:32:58+00:00","og_image":[{"width":1200,"height":900,"url":"https:\/\/www.buceoelbajon.com\/wp-content\/uploads\/2021\/02\/20110213-1108-SachaLobenstein-El-Rio-Morena-de-lunares-Gymnothorax-miliaris.jpg","type":"image\/jpeg"}],"author":"sacha","twitter_card":"summary_large_image","twitter_misc":{"\u00c9crit par":"sacha","Dur\u00e9e de lecture estim\u00e9e":"1 minute"},"schema":{"@context":"https:\/\/schema.org","@graph":[{"@type":"WebPage","@id":"https:\/\/www.buceoelbajon.com\/fr\/punta-las-canas\/","url":"https:\/\/www.buceoelbajon.com\/fr\/punta-las-canas\/","name":"PUNTA LAS CA\u00d1AS - Centro de Buceo El Baj\u00f3n, El Hierro","isPartOf":{"@id":"https:\/\/www.buceoelbajon.com\/#website"},"primaryImageOfPage":{"@id":"https:\/\/www.buceoelbajon.com\/fr\/punta-las-canas\/#primaryimage"},"image":{"@id":"https:\/\/www.buceoelbajon.com\/fr\/punta-las-canas\/#primaryimage"},"thumbnailUrl":"https:\/\/www.buceoelbajon.com\/wp-content\/uploads\/2021\/02\/20110213-1108-SachaLobenstein-El-Rio-Morena-de-lunares-Gymnothorax-miliaris.jpg","datePublished":"2021-02-15T10:07:25+00:00","dateModified":"2022-05-17T08:32:58+00:00","author":{"@id":"https:\/\/www.buceoelbajon.com\/#\/schema\/person\/2e8779703ebcf33b96844ff77802b905"},"breadcrumb":{"@id":"https:\/\/www.buceoelbajon.com\/fr\/punta-las-canas\/#breadcrumb"},"inLanguage":"fr-FR","potentialAction":[{"@type":"ReadAction","target":["https:\/\/www.buceoelbajon.com\/fr\/punta-las-canas\/"]}]},{"@type":"ImageObject","inLanguage":"fr-FR","@id":"https:\/\/www.buceoelbajon.com\/fr\/punta-las-canas\/#primaryimage","url":"https:\/\/www.buceoelbajon.com\/wp-content\/uploads\/2021\/02\/20110213-1108-SachaLobenstein-El-Rio-Morena-de-lunares-Gymnothorax-miliaris.jpg","contentUrl":"https:\/\/www.buceoelbajon.com\/wp-content\/uploads\/2021\/02\/20110213-1108-SachaLobenstein-El-Rio-Morena-de-lunares-Gymnothorax-miliaris.jpg","width":1200,"height":900},{"@type":"BreadcrumbList","@id":"https:\/\/www.buceoelbajon.com\/fr\/punta-las-canas\/#breadcrumb","itemListElement":[{"@type":"ListItem","position":1,"name":"Portada","item":"https:\/\/www.buceoelbajon.com\/fr\/"},{"@type":"ListItem","position":2,"name":"PUNTA LAS CA\u00d1AS"}]},{"@type":"WebSite","@id":"https:\/\/www.buceoelbajon.com\/#website","url":"https:\/\/www.buceoelbajon.com\/","name":"Centro de Buceo El Baj\u00f3n, El Hierro","description":"Un concepto diferente de buceo en El Hierro","potentialAction":[{"@type":"SearchAction","target":{"@type":"EntryPoint","urlTemplate":"https:\/\/www.buceoelbajon.com\/?s={search_term_string}"},"query-input":{"@type":"PropertyValueSpecification","valueRequired":true,"valueName":"search_term_string"}}],"inLanguage":"fr-FR"},{"@type":"Person","@id":"https:\/\/www.buceoelbajon.com\/#\/schema\/person\/2e8779703ebcf33b96844ff77802b905","name":"sacha","sameAs":["https:\/\/www.buceoelbajon.com"],"url":"https:\/\/www.buceoelbajon.com\/fr\/author\/sacha\/"}]}},"_links":{"self":[{"href":"https:\/\/www.buceoelbajon.com\/fr\/wp-json\/wp\/v2\/posts\/2894","targetHints":{"allow":["GET"]}}],"collection":[{"href":"https:\/\/www.buceoelbajon.com\/fr\/wp-json\/wp\/v2\/posts"}],"about":[{"href":"https:\/\/www.buceoelbajon.com\/fr\/wp-json\/wp\/v2\/types\/post"}],"author":[{"embeddable":true,"href":"https:\/\/www.buceoelbajon.com\/fr\/wp-json\/wp\/v2\/users\/1"}],"replies":[{"embeddable":true,"href":"https:\/\/www.buceoelbajon.com\/fr\/wp-json\/wp\/v2\/comments?post=2894"}],"version-history":[{"count":1,"href":"https:\/\/www.buceoelbajon.com\/fr\/wp-json\/wp\/v2\/posts\/2894\/revisions"}],"predecessor-version":[{"id":2895,"href":"https:\/\/www.buceoelbajon.com\/fr\/wp-json\/wp\/v2\/posts\/2894\/revisions\/2895"}],"wp:featuredmedia":[{"embeddable":true,"href":"https:\/\/www.buceoelbajon.com\/fr\/wp-json\/wp\/v2\/media\/2591"}],"wp:attachment":[{"href":"https:\/\/www.buceoelbajon.com\/fr\/wp-json\/wp\/v2\/media?parent=2894"}],"wp:term":[{"taxonomy":"category","embeddable":true,"href":"https:\/\/www.buceoelbajon.com\/fr\/wp-json\/wp\/v2\/categories?post=2894"},{"taxonomy":"post_tag","embeddable":true,"href":"https:\/\/www.buceoelbajon.com\/fr\/wp-json\/wp\/v2\/tags?post=2894"}],"curies":[{"name":"wp","href":"https:\/\/api.w.org\/{rel}","templated":true}]}}